{"id":6329,"date":"2024-04-18T09:49:23","date_gmt":"2024-04-18T14:49:23","guid":{"rendered":"https:\/\/www.fiqt.uni.edu.pe\/?p=6329"},"modified":"2024-04-18T10:02:42","modified_gmt":"2024-04-18T15:02:42","slug":"taller-de-ingles-hablado-para-estudiantes-2024","status":"publish","type":"post","link":"https:\/\/www.fiqt.uni.edu.pe\/index.php\/taller-de-ingles-hablado-para-estudiantes-2024\/","title":{"rendered":"Taller de Ingl\u00e9s hablado para estudiantes 2024"},"content":{"rendered":"\t\t<div data-elementor-type=\"wp-post\" data-elementor-id=\"6329\" class=\"elementor elementor-6329\" data-elementor-post-type=\"post\">\n\t\t\t\t\t\t<section class=\"elementor-section elementor-top-section elementor-element elementor-element-70ccbcb elementor-section-boxed elementor-section-height-default elementor-section-height-default\" data-id=\"70ccbcb\" data-element_type=\"section\">\n\t\t\t\t\t\t<div class=\"elementor-container elementor-column-gap-default\">\n\t\t\t\t\t<div class=\"elementor-column elementor-col-100 elementor-top-column elementor-element elementor-element-a0f7d19\" data-id=\"a0f7d19\" data-element_type=\"column\">\n\t\t\t<div class=\"elementor-widget-wrap elementor-element-populated\">\n\t\t\t\t\t\t<div class=\"elementor-element elementor-element-8c435cb elementor-widget elementor-widget-heading\" data-id=\"8c435cb\" data-element_type=\"widget\" data-widget_type=\"heading.default\">\n\t\t\t\t<div class=\"elementor-widget-container\">\n\t\t\t\t\t<h3 class=\"elementor-heading-title elementor-size-default\">PRIMER TALLER DE INGL\u00c9S HABLADO PARA\nNUESTROS ESTUDIANTES 2024<\/h3>\t\t\t\t<\/div>\n\t\t\t\t<\/div>\n\t\t\t\t<div class=\"elementor-element elementor-element-fc6da7a elementor-widget elementor-widget-heading\" data-id=\"fc6da7a\" data-element_type=\"widget\" data-widget_type=\"heading.default\">\n\t\t\t\t<div class=\"elementor-widget-container\">\n\t\t\t\t\t<h5 class=\"elementor-heading-title elementor-size-default\">\u2026Rumbo al fortalecimiento de las habilidades blandas de nuestra familia FIQT\u2026<\/h5>\t\t\t\t<\/div>\n\t\t\t\t<\/div>\n\t\t\t\t\t<\/div>\n\t\t<\/div>\n\t\t\t\t\t<\/div>\n\t\t<\/section>\n\t\t\t\t<section class=\"elementor-section elementor-top-section elementor-element elementor-element-e275240 elementor-section-boxed elementor-section-height-default elementor-section-height-default\" data-id=\"e275240\" data-element_type=\"section\">\n\t\t\t\t\t\t<div class=\"elementor-container elementor-column-gap-default\">\n\t\t\t\t\t<div class=\"elementor-column elementor-col-100 elementor-top-column elementor-element elementor-element-35f1439\" data-id=\"35f1439\" data-element_type=\"column\">\n\t\t\t<div class=\"elementor-widget-wrap elementor-element-populated\">\n\t\t\t\t\t\t<div class=\"elementor-element elementor-element-cd3f183 elementor-widget elementor-widget-heading\" data-id=\"cd3f183\" data-element_type=\"widget\" data-widget_type=\"heading.default\">\n\t\t\t\t<div class=\"elementor-widget-container\">\n\t\t\t\t\t<h5 class=\"elementor-heading-title elementor-size-default\">Presentaci\u00f3n<\/h5>\t\t\t\t<\/div>\n\t\t\t\t<\/div>\n\t\t\t\t<div class=\"elementor-element elementor-element-54fcab5 elementor-widget elementor-widget-text-editor\" data-id=\"54fcab5\" data-element_type=\"widget\" data-widget_type=\"text-editor.default\">\n\t\t\t\t<div class=\"elementor-widget-container\">\n\t\t\t\t\t\t\t\t\t<p style=\"text-align:justify;\">El Programa de Fortalecimiento de competencias comunicacionales en ingl\u00e9s hablado ha sido creado por la alta direcci\u00f3n de nuestra Facultad con el objetivo de desarrollar el potencial de nuestros futuros egresados y mejorar su movilidad acad\u00e9mica. Reconocemos que el idioma ingl\u00e9s es una habilidad importante para los estudiantes universitarios, ya que les brinda ventajas en el crecimiento profesional, la comunicaci\u00f3n global, el acceso a la informaci\u00f3n y las oportunidades laborales.<br>A continuaci\u00f3n, mencionaremos algunas competencias espec\u00edficas relacionadas con el ingl\u00e9s hablado que pueden ser beneficiosas para nuestros estudiantes universitarios:<\/p>\n<p>\n<ul>\n    <li>\n        <p style=\"text-align:justify;\"><strong>Cohesi\u00f3n y coherencia textual:<\/strong> Los estudiantes universitarios deben desarrollar la habilidad de combinar ideas y lograr una cohesi\u00f3n y coherencia en sus textos en ingl\u00e9s.<\/p>\n    <\/li>\n    <li>\n        <p style=\"text-align:justify;\"><strong>Crecimiento profesional:<\/strong> Tener competencias en ingl\u00e9s es importante para encontrar trabajo y acceder a una mejor educaci\u00f3n.<\/p>\n    <\/li>\n    <li>\n        <p style=\"text-align:justify;\"><strong>Habilidades b\u00e1sicas de comunicaci\u00f3n:<\/strong> Los estudiantes universitarios deben dominar las habilidades b\u00e1sicas de hablar, leer, escribir y comprender el ingl\u00e9s en sus aspectos fundamentales, como la gram\u00e1tica y la pronunciaci\u00f3n, directamente relacionados con el desempe\u00f1o profesional en el campo de la Ingenier\u00eda Qu\u00edmica.<\/p>\n    <\/li>\n    <li>\n        <p style=\"text-align:justify;\"><strong>Competencia comunicativa:<\/strong> La formaci\u00f3n universitaria debe potenciar la competencia comunicativa en ingl\u00e9s, ya que es fundamental para la comunicaci\u00f3n acad\u00e9mica y profesional entre especialistas de diferentes nacionalidades.<\/p>\n    <\/li>\n<\/ul>\n<p>\n<p style=\"text-align:justify;\">El curso de ingl\u00e9s profesional hablado (Speaking) est\u00e1 dirigido principalmente a estudiantes de nivel intermedio-avanzado de ingl\u00e9s que deseen mejorar su ingl\u00e9s hablado y aprender un ingl\u00e9s t\u00e9cnico en el campo de la Ingenier\u00eda Qu\u00edmica. Durante el curso, se abordar\u00e1n temas como la comunicaci\u00f3n en persona, la comunicaci\u00f3n en l\u00ednea a trav\u00e9s de videoconferencias, t\u00e9cnicas para entrevistas y simulacros de entrevistas y presentaciones. En la FIQT, nos esforzamos por formar un equipo de docentes y especialistas que creen en el potencial de nuestros estudiantes. Utilizando metodolog\u00edas activas y sostenibles, buscamos potenciar al m\u00e1ximo las habilidades de nuestros estudiantes.<\/p>\t\t\t\t\t\t\t\t<\/div>\n\t\t\t\t<\/div>\n\t\t\t\t<div class=\"elementor-element elementor-element-be40144 elementor-widget elementor-widget-heading\" data-id=\"be40144\" data-element_type=\"widget\" data-widget_type=\"heading.default\">\n\t\t\t\t<div class=\"elementor-widget-container\">\n\t\t\t\t\t<h5 class=\"elementor-heading-title elementor-size-default\">Objetivo<\/h5>\t\t\t\t<\/div>\n\t\t\t\t<\/div>\n\t\t\t\t<div class=\"elementor-element elementor-element-f49e363 elementor-widget elementor-widget-text-editor\" data-id=\"f49e363\" data-element_type=\"widget\" data-widget_type=\"text-editor.default\">\n\t\t\t\t<div class=\"elementor-widget-container\">\n\t\t\t\t\t\t\t\t\t<p style=\"text-align:justify;\">El objetivo del Programa es el Fortalecimiento de las habilidades comunicativas en el idioma ingl\u00e9s hablado y proporcionar a los participantes una perspectiva global de las experiencias profesionales de nuestros egresados. De esta manera, podr\u00e1n mejorar su desempe\u00f1o y movilidad en el entorno acad\u00e9mico-laboral y alcanzar los objetivos comunes, a trav\u00e9s de la construcci\u00f3n de relaciones interpersonales m\u00e1s efectivas con sus pares acad\u00e9micos que se encuentran estudiando, investigando y\/o trabando en diferentes partes del mundo.<\/p>\t\t\t\t\t\t\t\t<\/div>\n\t\t\t\t<\/div>\n\t\t\t\t<div class=\"elementor-element elementor-element-fc9fee7 elementor-widget elementor-widget-heading\" data-id=\"fc9fee7\" data-element_type=\"widget\" data-widget_type=\"heading.default\">\n\t\t\t\t<div class=\"elementor-widget-container\">\n\t\t\t\t\t<h5 class=\"elementor-heading-title elementor-size-default\">Dirigido a:<\/h5>\t\t\t\t<\/div>\n\t\t\t\t<\/div>\n\t\t\t\t<div class=\"elementor-element elementor-element-e809473 elementor-widget elementor-widget-text-editor\" data-id=\"e809473\" data-element_type=\"widget\" data-widget_type=\"text-editor.default\">\n\t\t\t\t<div class=\"elementor-widget-container\">\n\t\t\t\t\t\t\t\t\t<p>Dirigido a los estudiantes de nuestra FIQT<\/p>\t\t\t\t\t\t\t\t<\/div>\n\t\t\t\t<\/div>\n\t\t\t\t\t<\/div>\n\t\t<\/div>\n\t\t\t\t\t<\/div>\n\t\t<\/section>\n\t\t\t\t<section class=\"elementor-section elementor-top-section elementor-element elementor-element-1d1ea07 elementor-section-boxed elementor-section-height-default elementor-section-height-default\" data-id=\"1d1ea07\" data-element_type=\"section\">\n\t\t\t\t\t\t<div class=\"elementor-container elementor-column-gap-default\">\n\t\t\t\t\t<div class=\"elementor-column elementor-col-100 elementor-top-column elementor-element elementor-element-84b3e18\" data-id=\"84b3e18\" data-element_type=\"column\">\n\t\t\t<div class=\"elementor-widget-wrap elementor-element-populated\">\n\t\t\t\t\t\t<div class=\"elementor-element elementor-element-985d000 section-title-style-style4 meta-visibility-show title_position_default title_hover_border_default title-default img_hover_animation_default meta_position_default readmore-btn-default-style grid-hover-overlay-type-always grid-hover-overlay-height-default hover-overlay-height-default tpg-border-bottom-disable elementor-widget elementor-widget-tpg-grid-hover-layout\" data-id=\"985d000\" data-element_type=\"widget\" data-widget_type=\"tpg-grid-hover-layout.default\">\n\t\t\t\t<div class=\"elementor-widget-container\">\n\t\t\t\t\t\n        <div class=\"rt-container-fluid rt-tpg-container tpg-el-main-wrapper grid_hover-layout1-main \"\n             id=\"rt-tpg-container-3636079718\"\n             data-layout=\"grid_hover-layout1\"\n             data-sc-id=\"elementor\"\n             data-el-settings=''\n             data-el-query=''\n             data-el-path=''\n        >\n\t\t\t            <div class='tpg-header-wrapper '>\n\t\t\t\t\n        <div class=\"tpg-widget-heading-wrapper rt-clear heading-style4 \">\n            <span class=\"tpg-widget-heading-line line-left\"><\/span>\n\t\t\t<h2 class='tpg-widget-heading'>\n\t\t\t\n\t\t\t\t                    <span>\n\t\t\t\t\t\tM\u00e1s Actividades\t\t\t\t\t<\/span>\n\t\t\t\t\t\n\t\t\t\t\t\t\t<\/h2>            <span class=\"tpg-widget-heading-line line-right\"><\/span>\n\n\t\t\t\n        <\/div>\n\n\t\t\n\t\t            <\/div>\n\n            <div data-title=\"Loading ...\"\n                 class=\"rt-row rt-content-loader grid_hover-layout1 tpg-even grid-behaviour grid_hover_layout_wrapper\">\n\t\t\t\t\n<div class=\"rt-col-md-4 rt-col-sm-6 rt-col-xs-12 default rt-grid-hover-item rt-grid-item\" data-id=\"6709\">\n\t<div class=\"rt-holder tpg-post-holder \">\n\t\t<div class=\"rt-detail rt-el-content-wrapper\">\n\t\t\t\t\t\t\t<div class=\"rt-img-holder tpg-el-image-wrap has-thumbnail\">\n\t\t\t\t\t<a data-id=\"6709\" href=\"https:\/\/www.fiqt.uni.edu.pe\/index.php\/segundo-taller-de-habilidades-blandas\/\" class=\"tpg-post-link\" target=\"_self\">                        <img fetchpriority=\"high\" decoding=\"async\" src=\"https:\/\/www.fiqt.uni.edu.pe\/wp-content\/uploads\/2024\/06\/psico1-768x432.jpg\"\n                             class=\"rt-img-responsive\"\n                             width=\"768\"\n                             height=\"432\"\n                             alt=\"Segundo Taller de Habilidades Blandas\">\n\t\t\t\t\t\t\n\t\t\t\t\t\t\t\n\t\t<\/a>\n\t\t        <div class=\"overlay grid-hover-content\"><\/div>\n\t\t\t\t\t\t<\/div>\n\t\t\t\n\t\t\t<div class=\"grid-hover-content\">\n\t\t\t\t<div class=\"entry-title-wrapper\"><h4 class=\"entry-title\"><a data-id=\"6709\" href=\"https:\/\/www.fiqt.uni.edu.pe\/index.php\/segundo-taller-de-habilidades-blandas\/\" class=\"tpg-post-link\" target=\"_self\">Segundo Taller de Habilidades Blandas<\/a><\/h4><\/div>\n\t\t\t\t\t\t\t\t\t<div class=\"post-meta-tags rt-el-post-meta\">\n\t\t\t\t\t\t            <span class='date'>\n\t\t\t\t<i class='far fa-calendar-alt '><\/i>\t\t\t\t                    <a href=\"https:\/\/www.fiqt.uni.edu.pe\/index.php\/2024\/06\/04\/\">\n\t\t\t\t\t4 junio, 2024\t\t\t\t<\/a>\n\t\t\t\t\t\t\t<\/span>\n\t\t\t\t\t\t\t\t<\/div>\n\t\t\t\t\n\t\t\t\t\t\t\t\t\t<div class=\"tpg-excerpt tpg-el-excerpt\">\n\t\t\t\t\t\t\t\t\t\t\t\t\t<div class=\"tpg-excerpt-inner\">\n\t\t\t\t\t\t\t\tSEGUNDO TALLER DE HABILIDADES BLANDAS Hacia el empoderamiento de las...\t\t\t\t\t\t\t<\/div>\n\t\t\t\t\t\t\t\t\t\t\t\t\t\t\t\t\t<\/div>\n\t\t\t\t\n\t\t\t\t        <div class=\"post-footer\">\n            <div class=\"post-footer\">\n                <div class=\"read-more\">\n\t\t\t\t\t<a data-id=\"6709\" href=\"https:\/\/www.fiqt.uni.edu.pe\/index.php\/segundo-taller-de-habilidades-blandas\/\" class=\"tpg-post-link\" target=\"_self\">Leer m\u00e1s<i aria-hidden=\"true\" class=\"right-icon fas fa-angle-double-right\"><\/i><\/a>                <\/div>\n            <\/div>\n        <\/div>\n\t\t\t\t\t<\/div>\n\t\t<\/div>\n\t<\/div>\n<\/div>\n\n<div class=\"rt-col-md-4 rt-col-sm-6 rt-col-xs-12 default rt-grid-hover-item rt-grid-item\" data-id=\"6693\">\n\t<div class=\"rt-holder tpg-post-holder \">\n\t\t<div class=\"rt-detail rt-el-content-wrapper\">\n\t\t\t\t\t\t\t<div class=\"rt-img-holder tpg-el-image-wrap has-thumbnail\">\n\t\t\t\t\t<a data-id=\"6693\" href=\"https:\/\/www.fiqt.uni.edu.pe\/index.php\/feria-de-pre-investigacion-2024-i\/\" class=\"tpg-post-link\" target=\"_self\">                        <img decoding=\"async\" src=\"https:\/\/www.fiqt.uni.edu.pe\/wp-content\/uploads\/2024\/05\/WhatsApp-Image-2024-06-19-at-12.56.10-PM2-768x869.jpeg\"\n                             class=\"rt-img-responsive\"\n                             width=\"768\"\n                             height=\"869\"\n                             alt=\"REPROGRAMACI\u00d3N: Feria de Pre &#8211; Investigaci\u00f3n 2024-I\">\n\t\t\t\t\t\t\n\t\t\t\t\t\t\t\n\t\t<\/a>\n\t\t        <div class=\"overlay grid-hover-content\"><\/div>\n\t\t\t\t\t\t<\/div>\n\t\t\t\n\t\t\t<div class=\"grid-hover-content\">\n\t\t\t\t<div class=\"entry-title-wrapper\"><h4 class=\"entry-title\"><a data-id=\"6693\" href=\"https:\/\/www.fiqt.uni.edu.pe\/index.php\/feria-de-pre-investigacion-2024-i\/\" class=\"tpg-post-link\" target=\"_self\">REPROGRAMACI\u00d3N: Feria de Pre &#8211; Investigaci\u00f3n 2024-I<\/a><\/h4><\/div>\n\t\t\t\t\t\t\t\t\t<div class=\"post-meta-tags rt-el-post-meta\">\n\t\t\t\t\t\t            <span class='date'>\n\t\t\t\t<i class='far fa-calendar-alt '><\/i>\t\t\t\t                    <a href=\"https:\/\/www.fiqt.uni.edu.pe\/index.php\/2024\/05\/28\/\">\n\t\t\t\t\t28 mayo, 2024\t\t\t\t<\/a>\n\t\t\t\t\t\t\t<\/span>\n\t\t\t\t\t\t\t\t<\/div>\n\t\t\t\t\n\t\t\t\t\t\t\t\t\t<div class=\"tpg-excerpt tpg-el-excerpt\">\n\t\t\t\t\t\t\t\t\t\t\t\t\t<div class=\"tpg-excerpt-inner\">\n\t\t\t\t\t\t\t\tFERIA DE PROYECTOS EN LA FIQT 2024 &#8211; I ????? ?? ??? &#8211;...\t\t\t\t\t\t\t<\/div>\n\t\t\t\t\t\t\t\t\t\t\t\t\t\t\t\t\t<\/div>\n\t\t\t\t\n\t\t\t\t        <div class=\"post-footer\">\n            <div class=\"post-footer\">\n                <div class=\"read-more\">\n\t\t\t\t\t<a data-id=\"6693\" href=\"https:\/\/www.fiqt.uni.edu.pe\/index.php\/feria-de-pre-investigacion-2024-i\/\" class=\"tpg-post-link\" target=\"_self\">Leer m\u00e1s<i aria-hidden=\"true\" class=\"right-icon fas fa-angle-double-right\"><\/i><\/a>                <\/div>\n            <\/div>\n        <\/div>\n\t\t\t\t\t<\/div>\n\t\t<\/div>\n\t<\/div>\n<\/div>\n\n<div class=\"rt-col-md-4 rt-col-sm-6 rt-col-xs-12 default rt-grid-hover-item rt-grid-item\" data-id=\"6305\">\n\t<div class=\"rt-holder tpg-post-holder \">\n\t\t<div class=\"rt-detail rt-el-content-wrapper\">\n\t\t\t\t\t\t\t<div class=\"rt-img-holder tpg-el-image-wrap has-thumbnail\">\n\t\t\t\t\t<a data-id=\"6305\" href=\"https:\/\/www.fiqt.uni.edu.pe\/index.php\/primer-curso-de-habilidades-blandas-verano-2024\/\" class=\"tpg-post-link\" target=\"_self\">                        <img decoding=\"async\" src=\"https:\/\/www.fiqt.uni.edu.pe\/wp-content\/uploads\/2024\/04\/1710598869942-768x432.png\"\n                             class=\"rt-img-responsive\"\n                             width=\"768\"\n                             height=\"432\"\n                             alt=\"Primer curso de habilidades blandas verano 2024\">\n\t\t\t\t\t\t\n\t\t\t\t\t\t\t\n\t\t<\/a>\n\t\t        <div class=\"overlay grid-hover-content\"><\/div>\n\t\t\t\t\t\t<\/div>\n\t\t\t\n\t\t\t<div class=\"grid-hover-content\">\n\t\t\t\t<div class=\"entry-title-wrapper\"><h4 class=\"entry-title\"><a data-id=\"6305\" href=\"https:\/\/www.fiqt.uni.edu.pe\/index.php\/primer-curso-de-habilidades-blandas-verano-2024\/\" class=\"tpg-post-link\" target=\"_self\">Primer curso de habilidades blandas verano 2024<\/a><\/h4><\/div>\n\t\t\t\t\t\t\t\t\t<div class=\"post-meta-tags rt-el-post-meta\">\n\t\t\t\t\t\t            <span class='date'>\n\t\t\t\t<i class='far fa-calendar-alt '><\/i>\t\t\t\t                    <a href=\"https:\/\/www.fiqt.uni.edu.pe\/index.php\/2024\/04\/15\/\">\n\t\t\t\t\t15 abril, 2024\t\t\t\t<\/a>\n\t\t\t\t\t\t\t<\/span>\n\t\t\t\t\t\t\t\t<\/div>\n\t\t\t\t\n\t\t\t\t\t\t\t\t\t<div class=\"tpg-excerpt tpg-el-excerpt\">\n\t\t\t\t\t\t\t\t\t\t\t\t\t<div class=\"tpg-excerpt-inner\">\n\t\t\t\t\t\t\t\tPRIMER TALLER DE HABILIDADES BLANDAS RUMBO HACIA LA REACREDITACI\u00d3N...\t\t\t\t\t\t\t<\/div>\n\t\t\t\t\t\t\t\t\t\t\t\t\t\t\t\t\t<\/div>\n\t\t\t\t\n\t\t\t\t        <div class=\"post-footer\">\n            <div class=\"post-footer\">\n                <div class=\"read-more\">\n\t\t\t\t\t<a data-id=\"6305\" href=\"https:\/\/www.fiqt.uni.edu.pe\/index.php\/primer-curso-de-habilidades-blandas-verano-2024\/\" class=\"tpg-post-link\" target=\"_self\">Leer m\u00e1s<i aria-hidden=\"true\" class=\"right-icon fas fa-angle-double-right\"><\/i><\/a>                <\/div>\n            <\/div>\n        <\/div>\n\t\t\t\t\t<\/div>\n\t\t<\/div>\n\t<\/div>\n<\/div>\n            <\/div>\n\n\t\t\t        <\/div>\n\t\t\t\t\t\t<\/div>\n\t\t\t\t<\/div>\n\t\t\t\t\t<\/div>\n\t\t<\/div>\n\t\t\t\t\t<\/div>\n\t\t<\/section>\n\t\t\t\t<\/div>\n\t\t","protected":false},"excerpt":{"rendered":"<p>PRIMER TALLER DE INGL\u00c9S HABLADO PARA NUESTROS ESTUDIANTES 2024 \u2026Rumbo al fortalecimiento de las habilidades blandas de nuestra familia FIQT\u2026 Presentaci\u00f3n El Programa de Fortalecimiento de competencias comunicacionales en ingl\u00e9s hablado ha sido creado por la alta direcci\u00f3n de nuestra Facultad con el objetivo de desarrollar el potencial de nuestros futuros egresados y mejorar su [&hellip;]<\/p>\n","protected":false},"author":1,"featured_media":6330,"comment_status":"closed","ping_status":"closed","sticky":false,"template":"","format":"standard","meta":{"site-sidebar-layout":"default","site-content-layout":"","ast-site-content-layout":"default","site-content-style":"default","site-sidebar-style":"default","ast-global-header-display":"","ast-banner-title-visibility":"","ast-main-header-display":"","ast-hfb-above-header-display":"","ast-hfb-below-header-display":"","ast-hfb-mobile-header-display":"","site-post-title":"disabled","ast-breadcrumbs-content":"","ast-featured-img":"","footer-sml-layout":"","theme-transparent-header-meta":"","adv-header-id-meta":"","stick-header-meta":"","header-above-stick-meta":"","header-main-stick-meta":"","header-below-stick-meta":"","astra-migrate-meta-layouts":"set","ast-page-background-enabled":"default","ast-page-background-meta":{"desktop":{"background-color":"","background-image":"","background-repeat":"repeat","background-position":"center center","background-size":"auto","background-attachment":"scroll","background-type":"","background-media":"","overlay-type":"","overlay-color":"","overlay-opacity":"","overlay-gradient":""},"tablet":{"background-color":"","background-image":"","background-repeat":"repeat","background-position":"center center","background-size":"auto","background-attachment":"scroll","background-type":"","background-media":"","overlay-type":"","overlay-color":"","overlay-opacity":"","overlay-gradient":""},"mobile":{"background-color":"","background-image":"","background-repeat":"repeat","background-position":"center center","background-size":"auto","background-attachment":"scroll","background-type":"","background-media":"","overlay-type":"","overlay-color":"","overlay-opacity":"","overlay-gradient":""}},"ast-content-background-meta":{"desktop":{"background-color":"var(--ast-global-color-5)","background-image":"","background-repeat":"repeat","background-position":"center center","background-size":"auto","background-attachment":"scroll","background-type":"","background-media":"","overlay-type":"","overlay-color":"","overlay-opacity":"","overlay-gradient":""},"tablet":{"background-color":"var(--ast-global-color-5)","background-image":"","background-repeat":"repeat","background-position":"center center","background-size":"auto","background-attachment":"scroll","background-type":"","background-media":"","overlay-type":"","overlay-color":"","overlay-opacity":"","overlay-gradient":""},"mobile":{"background-color":"var(--ast-global-color-5)","background-image":"","background-repeat":"repeat","background-position":"center center","background-size":"auto","background-attachment":"scroll","background-type":"","background-media":"","overlay-type":"","overlay-color":"","overlay-opacity":"","overlay-gradient":""}},"footnotes":""},"categories":[81],"tags":[],"class_list":["post-6329","post","type-post","status-publish","format-standard","has-post-thumbnail","hentry","category-acreditacion"],"rttpg_featured_image_url":{"full":["https:\/\/www.fiqt.uni.edu.pe\/wp-content\/uploads\/2024\/04\/taller-ingles.png",996,657,false],"landscape":["https:\/\/www.fiqt.uni.edu.pe\/wp-content\/uploads\/2024\/04\/taller-ingles.png",996,657,false],"portraits":["https:\/\/www.fiqt.uni.edu.pe\/wp-content\/uploads\/2024\/04\/taller-ingles.png",996,657,false],"thumbnail":["https:\/\/www.fiqt.uni.edu.pe\/wp-content\/uploads\/2024\/04\/taller-ingles-150x150.png",150,150,true],"medium":["https:\/\/www.fiqt.uni.edu.pe\/wp-content\/uploads\/2024\/04\/taller-ingles-300x198.png",300,198,true],"large":["https:\/\/www.fiqt.uni.edu.pe\/wp-content\/uploads\/2024\/04\/taller-ingles.png",996,657,false],"1536x1536":["https:\/\/www.fiqt.uni.edu.pe\/wp-content\/uploads\/2024\/04\/taller-ingles.png",996,657,false],"2048x2048":["https:\/\/www.fiqt.uni.edu.pe\/wp-content\/uploads\/2024\/04\/taller-ingles.png",996,657,false]},"rttpg_author":{"display_name":"wpadminfiqt","author_link":"https:\/\/www.fiqt.uni.edu.pe\/index.php\/author\/wpadminfiqt\/"},"rttpg_comment":0,"rttpg_category":"<a href=\"https:\/\/www.fiqt.uni.edu.pe\/index.php\/category\/acreditacion\/\" rel=\"category tag\">acreditacion<\/a>","rttpg_excerpt":"PRIMER TALLER DE INGL\u00c9S HABLADO PARA NUESTROS ESTUDIANTES 2024 \u2026Rumbo al fortalecimiento de las habilidades blandas de nuestra familia FIQT\u2026 Presentaci\u00f3n El Programa de Fortalecimiento de competencias comunicacionales en ingl\u00e9s hablado ha sido creado por la alta direcci\u00f3n de nuestra Facultad con el objetivo de desarrollar el potencial de nuestros futuros egresados y mejorar su&hellip;","_links":{"self":[{"href":"https:\/\/www.fiqt.uni.edu.pe\/index.php\/wp-json\/wp\/v2\/posts\/6329","targetHints":{"allow":["GET"]}}],"collection":[{"href":"https:\/\/www.fiqt.uni.edu.pe\/index.php\/wp-json\/wp\/v2\/posts"}],"about":[{"href":"https:\/\/www.fiqt.uni.edu.pe\/index.php\/wp-json\/wp\/v2\/types\/post"}],"author":[{"embeddable":true,"href":"https:\/\/www.fiqt.uni.edu.pe\/index.php\/wp-json\/wp\/v2\/users\/1"}],"replies":[{"embeddable":true,"href":"https:\/\/www.fiqt.uni.edu.pe\/index.php\/wp-json\/wp\/v2\/comments?post=6329"}],"version-history":[{"count":7,"href":"https:\/\/www.fiqt.uni.edu.pe\/index.php\/wp-json\/wp\/v2\/posts\/6329\/revisions"}],"predecessor-version":[{"id":6340,"href":"https:\/\/www.fiqt.uni.edu.pe\/index.php\/wp-json\/wp\/v2\/posts\/6329\/revisions\/6340"}],"wp:featuredmedia":[{"embeddable":true,"href":"https:\/\/www.fiqt.uni.edu.pe\/index.php\/wp-json\/wp\/v2\/media\/6330"}],"wp:attachment":[{"href":"https:\/\/www.fiqt.uni.edu.pe\/index.php\/wp-json\/wp\/v2\/media?parent=6329"}],"wp:term":[{"taxonomy":"category","embeddable":true,"href":"https:\/\/www.fiqt.uni.edu.pe\/index.php\/wp-json\/wp\/v2\/categories?post=6329"},{"taxonomy":"post_tag","embeddable":true,"href":"https:\/\/www.fiqt.uni.edu.pe\/index.php\/wp-json\/wp\/v2\/tags?post=6329"}],"curies":[{"name":"wp","href":"https:\/\/api.w.org\/{rel}","templated":true}]}}