{"id":6709,"date":"2024-06-04T11:03:31","date_gmt":"2024-06-04T16:03:31","guid":{"rendered":"https:\/\/www.fiqt.uni.edu.pe\/?p=6709"},"modified":"2024-06-06T09:38:21","modified_gmt":"2024-06-06T14:38:21","slug":"segundo-taller-de-habilidades-blandas","status":"publish","type":"post","link":"https:\/\/www.fiqt.uni.edu.pe\/index.php\/segundo-taller-de-habilidades-blandas\/","title":{"rendered":"Segundo Taller de Habilidades Blandas"},"content":{"rendered":"\t\t<div data-elementor-type=\"wp-post\" data-elementor-id=\"6709\" class=\"elementor elementor-6709\" data-elementor-post-type=\"post\">\n\t\t\t\t\t\t<section class=\"elementor-section elementor-top-section elementor-element elementor-element-70ccbcb elementor-section-boxed elementor-section-height-default elementor-section-height-default\" data-id=\"70ccbcb\" data-element_type=\"section\">\n\t\t\t\t\t\t<div class=\"elementor-container elementor-column-gap-default\">\n\t\t\t\t\t<div class=\"elementor-column elementor-col-100 elementor-top-column elementor-element elementor-element-a0f7d19\" data-id=\"a0f7d19\" data-element_type=\"column\">\n\t\t\t<div class=\"elementor-widget-wrap elementor-element-populated\">\n\t\t\t\t\t\t<div class=\"elementor-element elementor-element-8c435cb elementor-widget elementor-widget-heading\" data-id=\"8c435cb\" data-element_type=\"widget\" data-widget_type=\"heading.default\">\n\t\t\t\t<div class=\"elementor-widget-container\">\n\t\t\t\t\t<h3 class=\"elementor-heading-title elementor-size-default\">SEGUNDO TALLER DE HABILIDADES BLANDAS<\/h3>\t\t\t\t<\/div>\n\t\t\t\t<\/div>\n\t\t\t\t<div class=\"elementor-element elementor-element-fc6da7a elementor-widget elementor-widget-heading\" data-id=\"fc6da7a\" data-element_type=\"widget\" data-widget_type=\"heading.default\">\n\t\t\t\t<div class=\"elementor-widget-container\">\n\t\t\t\t\t<h5 class=\"elementor-heading-title elementor-size-default\">\u2026Hacia el empoderamiento de las nuevas generaciones. Cachimbos 2024-1\u2026<\/h5>\t\t\t\t<\/div>\n\t\t\t\t<\/div>\n\t\t\t\t\t<\/div>\n\t\t<\/div>\n\t\t\t\t\t<\/div>\n\t\t<\/section>\n\t\t\t\t<section class=\"elementor-section elementor-top-section elementor-element elementor-element-e275240 elementor-section-boxed elementor-section-height-default elementor-section-height-default\" data-id=\"e275240\" data-element_type=\"section\">\n\t\t\t\t\t\t<div class=\"elementor-container elementor-column-gap-default\">\n\t\t\t\t\t<div class=\"elementor-column elementor-col-100 elementor-top-column elementor-element elementor-element-35f1439\" data-id=\"35f1439\" data-element_type=\"column\">\n\t\t\t<div class=\"elementor-widget-wrap elementor-element-populated\">\n\t\t\t\t\t\t<div class=\"elementor-element elementor-element-e582ca5 elementor-widget elementor-widget-shortcode\" data-id=\"e582ca5\" data-element_type=\"widget\" data-widget_type=\"shortcode.default\">\n\t\t\t\t<div class=\"elementor-widget-container\">\n\t\t\t\t\t\t\t<div class=\"elementor-shortcode\"><\/div>\n\t\t\t\t\t\t<\/div>\n\t\t\t\t<\/div>\n\t\t\t\t<div class=\"elementor-element elementor-element-cd3f183 elementor-widget elementor-widget-heading\" data-id=\"cd3f183\" data-element_type=\"widget\" data-widget_type=\"heading.default\">\n\t\t\t\t<div class=\"elementor-widget-container\">\n\t\t\t\t\t<h5 class=\"elementor-heading-title elementor-size-default\">Presentaci\u00f3n<\/h5>\t\t\t\t<\/div>\n\t\t\t\t<\/div>\n\t\t\t\t<div class=\"elementor-element elementor-element-54fcab5 elementor-widget elementor-widget-text-editor\" data-id=\"54fcab5\" data-element_type=\"widget\" data-widget_type=\"text-editor.default\">\n\t\t\t\t<div class=\"elementor-widget-container\">\n\t\t\t\t\t\t\t\t\t<p>El Programa de Fortalecimiento de Habilidades Blandas, en su segunda fase se encuentra en proceso de afianzamiento dentro del modelo formativo de los futuros profesionales de la FIQT. En este contexto es que la alta direcci\u00f3n de la FIQT despliega esfuerzos para dotar de habilidades blandas a los estudiantes que este a\u00f1o han iniciado su formaci\u00f3n profesional.<\/p><p>Las habilidades blandas son todas las destrezas relacionadas con las emociones. Son necesarias porque permiten gestionar la conducta, por ejemplo, ayudan a tener una actitud positiva, proactiva y propositiva, contribuyendo a desarrollar una comunicaci\u00f3n asertiva y emp\u00e1tica. Echeverr\u00eda et al. (2020) se\u00f1alan que estas habilidades impulsan a una persona a razonar y resolver problemas de manera sencilla, asimismo, promueven a la comprensi\u00f3n adecuada de opiniones y, por lo tanto, a compartir ideas con los otros, lo que, a su vez, nutre el conocimiento y fortalece la interdependencia. La adaptaci\u00f3n y el uso de las habilidades blandas en la educaci\u00f3n son de gran importancia puesto que ayudan en el desarrollo del estudiante En este contexto, la FIQT ha iniciado un programa ambiosos de implementaci\u00f3n de los talleres para todos los estudiantes que inician su formaci\u00f3n en el a\u00f1o 2024-1 y esperando que las generaciones sucesivas inicien su formaci\u00f3n basados en este tipo de habilidades desde el inicio de su carrera profesional<\/p>\t\t\t\t\t\t\t\t<\/div>\n\t\t\t\t<\/div>\n\t\t\t\t<div class=\"elementor-element elementor-element-fc9fee7 elementor-widget elementor-widget-heading\" data-id=\"fc9fee7\" data-element_type=\"widget\" data-widget_type=\"heading.default\">\n\t\t\t\t<div class=\"elementor-widget-container\">\n\t\t\t\t\t<h5 class=\"elementor-heading-title elementor-size-default\">Dirigido a:<\/h5>\t\t\t\t<\/div>\n\t\t\t\t<\/div>\n\t\t\t\t<div class=\"elementor-element elementor-element-e809473 elementor-widget elementor-widget-text-editor\" data-id=\"e809473\" data-element_type=\"widget\" data-widget_type=\"text-editor.default\">\n\t\t\t\t<div class=\"elementor-widget-container\">\n\t\t\t\t\t\t\t\t\t<p>Dirigido a los estudiantes cachimbos 2024-1 de la FIQT<\/p>\t\t\t\t\t\t\t\t<\/div>\n\t\t\t\t<\/div>\n\t\t\t\t<div class=\"elementor-element elementor-element-bd358fb elementor-widget elementor-widget-heading\" data-id=\"bd358fb\" data-element_type=\"widget\" data-widget_type=\"heading.default\">\n\t\t\t\t<div class=\"elementor-widget-container\">\n\t\t\t\t\t<h5 class=\"elementor-heading-title elementor-size-default\">Horario:<\/h5>\t\t\t\t<\/div>\n\t\t\t\t<\/div>\n\t\t\t\t<div class=\"elementor-element elementor-element-64e0c55 elementor-widget elementor-widget-text-editor\" data-id=\"64e0c55\" data-element_type=\"widget\" data-widget_type=\"text-editor.default\">\n\t\t\t\t<div class=\"elementor-widget-container\">\n\t\t\t\t\t\t\t\t\t<p>Grupo 01: Abril \u2013 Mayo: jueves 12:00 13.00<\/p><p>Rer. <a href=\"http:\/\/repositorio.unae.edu.ec\/bitstream\/56000\/2625\/1\/635-Texto%20del%20art%c3%adculo-2311-1-10-20211129.pdf\">http:\/\/repositorio.unae.edu.ec\/bitstream\/56000\/2625\/1\/635-Texto%20del%20art%c3%adculo-2311-1-10-20211129.pdf<\/a><\/p>\t\t\t\t\t\t\t\t<\/div>\n\t\t\t\t<\/div>\n\t\t\t\t<div class=\"elementor-element elementor-element-ade8155 elementor-widget elementor-widget-premium-addon-video-box\" data-id=\"ade8155\" data-element_type=\"widget\" data-settings=\"{&quot;premium_video_box_video_type&quot;:&quot;vimeo&quot;,&quot;aspect_ratio&quot;:&quot;169&quot;}\" data-widget_type=\"premium-addon-video-box.default\">\n\t\t\t\t<div class=\"elementor-widget-container\">\n\t\t\t\t\t\n\n\t\t\n\t\t\t\t\t<div id=\"premium-video-box-container-ade8155\" class=\"premium-video-box-container\" data-overlay=\"true\" data-type=\"vimeo\" data-thumbnail=\"\" data-hover=\"none\">\n\t\t\t\t<div  >\n\t\t\t\t\t\t\t<div class=\"premium-video-box-vimeo-wrap\">\n\t\t\t\t\t\t<div class=\"premium-video-box-vimeo-portrait\">\n\t\t\t\t<a href=\"https:\/\/vimeo.com\/user193829056\" target=\"_blank\">\n\t\t\t\t\t<img decoding=\"async\" src=\"https:\/\/i.vimeocdn.com\/portrait\/defaults-blue_300x300?region=us\" alt=\"FIQT VIDEOS\">\n\t\t\t\t<\/a>\n\t\t\t<\/div>\n\t\t\t\t\t\t\t\t\t<div class=\"premium-video-box-vimeo-headers\">\n\t\t\t\t\t\t\t\t<div class=\"premium-video-box-vimeo-title\">\n\t\t\t\t\t<a href=\"https:\/\/vimeo.com\/954417278\" target=\"_blank\">\n\t\t\t\t\t\tSegundo Taller Habilidades Blandas\t\t\t\t\t<\/a>\n\t\t\t\t<\/div>\n\t\t\t\t\t\t\t\t\t\t\t\t<div class=\"premium-video-box-vimeo-byline\">\n\t\t\t\t\tfrom  <a href=\"https:\/\/vimeo.com\/user193829056\" target=\"_blank\">FIQT VIDEOS<\/a>\n\t\t\t\t<\/div>\n\t\t\t\t\t\t\t<\/div>\n\t\t\t\t\t<\/div>\n\t\t\t\t\n\t\t\t\t\t<div class=\"premium-video-box-inner-wrap\" data-video-animation=\" animated-\" data-delay-animation=\"\">\n\t\t\t\t\t\t<div data-src=\"https:\/\/player.vimeo.com\/video\/954417278?rel=0&amp;muted=1&amp;loop=1&amp;controls=1&amp;playsinline=0&amp;autoplay=1&amp;color=&amp;title=1&amp;portrait=1&amp;byline=1&amp;autopause=0&amp;#t=\" class=\"premium-video-box-video-container\">\n\t\t\t\t\t\t\t\n\t\t\t\t\t\t\t\t\t\t\t\t\t<\/div>\n\t\t\t\t\t\t\t<div style=\"background-image:transparent\" class=\"premium-video-box-image-container none\"><\/div>\n\t\t\t\t\t\t\t\t\t\t\t\t\t\t\t\t\t\t\t\t\t\t\t\t\t\t\t\t\t\t\t<\/div>\n\n\t\t\t\t<\/div>\n\t\t\t<\/div>\n\t\t\n\t\t\t\t\t\t<\/div>\n\t\t\t\t<\/div>\n\t\t\t\t\t<\/div>\n\t\t<\/div>\n\t\t\t\t\t<\/div>\n\t\t<\/section>\n\t\t\t\t<section class=\"elementor-section elementor-top-section elementor-element elementor-element-1d1ea07 elementor-section-boxed elementor-section-height-default elementor-section-height-default\" data-id=\"1d1ea07\" data-element_type=\"section\">\n\t\t\t\t\t\t<div class=\"elementor-container elementor-column-gap-default\">\n\t\t\t\t\t<div class=\"elementor-column elementor-col-100 elementor-top-column elementor-element elementor-element-84b3e18\" data-id=\"84b3e18\" data-element_type=\"column\">\n\t\t\t<div class=\"elementor-widget-wrap elementor-element-populated\">\n\t\t\t\t\t\t<div class=\"elementor-element elementor-element-985d000 section-title-style-style4 meta-visibility-show title_position_default title_hover_border_default title-default img_hover_animation_default meta_position_default readmore-btn-default-style grid-hover-overlay-type-always grid-hover-overlay-height-default hover-overlay-height-default tpg-border-bottom-disable elementor-widget elementor-widget-tpg-grid-hover-layout\" data-id=\"985d000\" data-element_type=\"widget\" data-widget_type=\"tpg-grid-hover-layout.default\">\n\t\t\t\t<div class=\"elementor-widget-container\">\n\t\t\t\t\t\n        <div class=\"rt-container-fluid rt-tpg-container tpg-el-main-wrapper grid_hover-layout1-main \"\n             id=\"rt-tpg-container-751209567\"\n             data-layout=\"grid_hover-layout1\"\n             data-sc-id=\"elementor\"\n             data-el-settings=''\n             data-el-query=''\n             data-el-path=''\n        >\n\t\t\t            <div class='tpg-header-wrapper '>\n\t\t\t\t\n        <div class=\"tpg-widget-heading-wrapper rt-clear heading-style4 \">\n            <span class=\"tpg-widget-heading-line line-left\"><\/span>\n\t\t\t<h2 class='tpg-widget-heading'>\n\t\t\t\n\t\t\t\t                    <span>\n\t\t\t\t\t\tM\u00e1s Actividades\t\t\t\t\t<\/span>\n\t\t\t\t\t\n\t\t\t\t\t\t\t<\/h2>            <span class=\"tpg-widget-heading-line line-right\"><\/span>\n\n\t\t\t\n        <\/div>\n\n\t\t\n\t\t            <\/div>\n\n            <div data-title=\"Loading ...\"\n                 class=\"rt-row rt-content-loader grid_hover-layout1 tpg-even grid-behaviour grid_hover_layout_wrapper\">\n\t\t\t\t\n<div class=\"rt-col-md-4 rt-col-sm-6 rt-col-xs-12 default rt-grid-hover-item rt-grid-item\" data-id=\"6693\">\n\t<div class=\"rt-holder tpg-post-holder \">\n\t\t<div class=\"rt-detail rt-el-content-wrapper\">\n\t\t\t\t\t\t\t<div class=\"rt-img-holder tpg-el-image-wrap has-thumbnail\">\n\t\t\t\t\t<a data-id=\"6693\" href=\"https:\/\/www.fiqt.uni.edu.pe\/index.php\/feria-de-pre-investigacion-2024-i\/\" class=\"tpg-post-link\" target=\"_self\">                        <img fetchpriority=\"high\" decoding=\"async\" src=\"https:\/\/www.fiqt.uni.edu.pe\/wp-content\/uploads\/2024\/05\/WhatsApp-Image-2024-06-19-at-12.56.10-PM2-768x869.jpeg\"\n                             class=\"rt-img-responsive\"\n                             width=\"768\"\n                             height=\"869\"\n                             alt=\"REPROGRAMACI\u00d3N: Feria de Pre &#8211; Investigaci\u00f3n 2024-I\">\n\t\t\t\t\t\t\n\t\t\t\t\t\t\t\n\t\t<\/a>\n\t\t        <div class=\"overlay grid-hover-content\"><\/div>\n\t\t\t\t\t\t<\/div>\n\t\t\t\n\t\t\t<div class=\"grid-hover-content\">\n\t\t\t\t<div class=\"entry-title-wrapper\"><h4 class=\"entry-title\"><a data-id=\"6693\" href=\"https:\/\/www.fiqt.uni.edu.pe\/index.php\/feria-de-pre-investigacion-2024-i\/\" class=\"tpg-post-link\" target=\"_self\">REPROGRAMACI\u00d3N: Feria de Pre &#8211; Investigaci\u00f3n 2024-I<\/a><\/h4><\/div>\n\t\t\t\t\t\t\t\t\t<div class=\"post-meta-tags rt-el-post-meta\">\n\t\t\t\t\t\t            <span class='date'>\n\t\t\t\t<i class='far fa-calendar-alt '><\/i>\t\t\t\t                    <a href=\"https:\/\/www.fiqt.uni.edu.pe\/index.php\/2024\/05\/28\/\">\n\t\t\t\t\t28 mayo, 2024\t\t\t\t<\/a>\n\t\t\t\t\t\t\t<\/span>\n\t\t\t\t\t\t\t\t<\/div>\n\t\t\t\t\n\t\t\t\t\t\t\t\t\t<div class=\"tpg-excerpt tpg-el-excerpt\">\n\t\t\t\t\t\t\t\t\t\t\t\t\t<div class=\"tpg-excerpt-inner\">\n\t\t\t\t\t\t\t\tFERIA DE PROYECTOS EN LA FIQT 2024 &#8211; I ????? ?? ??? &#8211;...\t\t\t\t\t\t\t<\/div>\n\t\t\t\t\t\t\t\t\t\t\t\t\t\t\t\t\t<\/div>\n\t\t\t\t\n\t\t\t\t        <div class=\"post-footer\">\n            <div class=\"post-footer\">\n                <div class=\"read-more\">\n\t\t\t\t\t<a data-id=\"6693\" href=\"https:\/\/www.fiqt.uni.edu.pe\/index.php\/feria-de-pre-investigacion-2024-i\/\" class=\"tpg-post-link\" target=\"_self\">Leer m\u00e1s<i aria-hidden=\"true\" class=\"right-icon fas fa-angle-double-right\"><\/i><\/a>                <\/div>\n            <\/div>\n        <\/div>\n\t\t\t\t\t<\/div>\n\t\t<\/div>\n\t<\/div>\n<\/div>\n\n<div class=\"rt-col-md-4 rt-col-sm-6 rt-col-xs-12 default rt-grid-hover-item rt-grid-item\" data-id=\"6329\">\n\t<div class=\"rt-holder tpg-post-holder \">\n\t\t<div class=\"rt-detail rt-el-content-wrapper\">\n\t\t\t\t\t\t\t<div class=\"rt-img-holder tpg-el-image-wrap has-thumbnail\">\n\t\t\t\t\t<a data-id=\"6329\" href=\"https:\/\/www.fiqt.uni.edu.pe\/index.php\/taller-de-ingles-hablado-para-estudiantes-2024\/\" class=\"tpg-post-link\" target=\"_self\">                        <img decoding=\"async\" src=\"https:\/\/www.fiqt.uni.edu.pe\/wp-content\/uploads\/2024\/04\/taller-ingles-768x507.png\"\n                             class=\"rt-img-responsive\"\n                             width=\"768\"\n                             height=\"507\"\n                             alt=\"Taller de Ingl\u00e9s hablado para estudiantes 2024\">\n\t\t\t\t\t\t\n\t\t\t\t\t\t\t\n\t\t<\/a>\n\t\t        <div class=\"overlay grid-hover-content\"><\/div>\n\t\t\t\t\t\t<\/div>\n\t\t\t\n\t\t\t<div class=\"grid-hover-content\">\n\t\t\t\t<div class=\"entry-title-wrapper\"><h4 class=\"entry-title\"><a data-id=\"6329\" href=\"https:\/\/www.fiqt.uni.edu.pe\/index.php\/taller-de-ingles-hablado-para-estudiantes-2024\/\" class=\"tpg-post-link\" target=\"_self\">Taller de Ingl\u00e9s hablado para estudiantes 2024<\/a><\/h4><\/div>\n\t\t\t\t\t\t\t\t\t<div class=\"post-meta-tags rt-el-post-meta\">\n\t\t\t\t\t\t            <span class='date'>\n\t\t\t\t<i class='far fa-calendar-alt '><\/i>\t\t\t\t                    <a href=\"https:\/\/www.fiqt.uni.edu.pe\/index.php\/2024\/04\/18\/\">\n\t\t\t\t\t18 abril, 2024\t\t\t\t<\/a>\n\t\t\t\t\t\t\t<\/span>\n\t\t\t\t\t\t\t\t<\/div>\n\t\t\t\t\n\t\t\t\t\t\t\t\t\t<div class=\"tpg-excerpt tpg-el-excerpt\">\n\t\t\t\t\t\t\t\t\t\t\t\t\t<div class=\"tpg-excerpt-inner\">\n\t\t\t\t\t\t\t\tPRIMER TALLER DE INGL\u00c9S HABLADO PARA NUESTROS ESTUDIANTES 2024 Rumbo...\t\t\t\t\t\t\t<\/div>\n\t\t\t\t\t\t\t\t\t\t\t\t\t\t\t\t\t<\/div>\n\t\t\t\t\n\t\t\t\t        <div class=\"post-footer\">\n            <div class=\"post-footer\">\n                <div class=\"read-more\">\n\t\t\t\t\t<a data-id=\"6329\" href=\"https:\/\/www.fiqt.uni.edu.pe\/index.php\/taller-de-ingles-hablado-para-estudiantes-2024\/\" class=\"tpg-post-link\" target=\"_self\">Leer m\u00e1s<i aria-hidden=\"true\" class=\"right-icon fas fa-angle-double-right\"><\/i><\/a>                <\/div>\n            <\/div>\n        <\/div>\n\t\t\t\t\t<\/div>\n\t\t<\/div>\n\t<\/div>\n<\/div>\n\n<div class=\"rt-col-md-4 rt-col-sm-6 rt-col-xs-12 default rt-grid-hover-item rt-grid-item\" data-id=\"6305\">\n\t<div class=\"rt-holder tpg-post-holder \">\n\t\t<div class=\"rt-detail rt-el-content-wrapper\">\n\t\t\t\t\t\t\t<div class=\"rt-img-holder tpg-el-image-wrap has-thumbnail\">\n\t\t\t\t\t<a data-id=\"6305\" href=\"https:\/\/www.fiqt.uni.edu.pe\/index.php\/primer-curso-de-habilidades-blandas-verano-2024\/\" class=\"tpg-post-link\" target=\"_self\">                        <img decoding=\"async\" src=\"https:\/\/www.fiqt.uni.edu.pe\/wp-content\/uploads\/2024\/04\/1710598869942-768x432.png\"\n                             class=\"rt-img-responsive\"\n                             width=\"768\"\n                             height=\"432\"\n                             alt=\"Primer curso de habilidades blandas verano 2024\">\n\t\t\t\t\t\t\n\t\t\t\t\t\t\t\n\t\t<\/a>\n\t\t        <div class=\"overlay grid-hover-content\"><\/div>\n\t\t\t\t\t\t<\/div>\n\t\t\t\n\t\t\t<div class=\"grid-hover-content\">\n\t\t\t\t<div class=\"entry-title-wrapper\"><h4 class=\"entry-title\"><a data-id=\"6305\" href=\"https:\/\/www.fiqt.uni.edu.pe\/index.php\/primer-curso-de-habilidades-blandas-verano-2024\/\" class=\"tpg-post-link\" target=\"_self\">Primer curso de habilidades blandas verano 2024<\/a><\/h4><\/div>\n\t\t\t\t\t\t\t\t\t<div class=\"post-meta-tags rt-el-post-meta\">\n\t\t\t\t\t\t            <span class='date'>\n\t\t\t\t<i class='far fa-calendar-alt '><\/i>\t\t\t\t                    <a href=\"https:\/\/www.fiqt.uni.edu.pe\/index.php\/2024\/04\/15\/\">\n\t\t\t\t\t15 abril, 2024\t\t\t\t<\/a>\n\t\t\t\t\t\t\t<\/span>\n\t\t\t\t\t\t\t\t<\/div>\n\t\t\t\t\n\t\t\t\t\t\t\t\t\t<div class=\"tpg-excerpt tpg-el-excerpt\">\n\t\t\t\t\t\t\t\t\t\t\t\t\t<div class=\"tpg-excerpt-inner\">\n\t\t\t\t\t\t\t\tPRIMER TALLER DE HABILIDADES BLANDAS RUMBO HACIA LA REACREDITACI\u00d3N...\t\t\t\t\t\t\t<\/div>\n\t\t\t\t\t\t\t\t\t\t\t\t\t\t\t\t\t<\/div>\n\t\t\t\t\n\t\t\t\t        <div class=\"post-footer\">\n            <div class=\"post-footer\">\n                <div class=\"read-more\">\n\t\t\t\t\t<a data-id=\"6305\" href=\"https:\/\/www.fiqt.uni.edu.pe\/index.php\/primer-curso-de-habilidades-blandas-verano-2024\/\" class=\"tpg-post-link\" target=\"_self\">Leer m\u00e1s<i aria-hidden=\"true\" class=\"right-icon fas fa-angle-double-right\"><\/i><\/a>                <\/div>\n            <\/div>\n        <\/div>\n\t\t\t\t\t<\/div>\n\t\t<\/div>\n\t<\/div>\n<\/div>\n            <\/div>\n\n\t\t\t        <\/div>\n\t\t\t\t\t\t<\/div>\n\t\t\t\t<\/div>\n\t\t\t\t\t<\/div>\n\t\t<\/div>\n\t\t\t\t\t<\/div>\n\t\t<\/section>\n\t\t\t\t<\/div>\n\t\t","protected":false},"excerpt":{"rendered":"<p>SEGUNDO TALLER DE HABILIDADES BLANDAS \u2026Hacia el empoderamiento de las nuevas generaciones. Cachimbos 2024-1\u2026 Presentaci\u00f3n El Programa de Fortalecimiento de Habilidades Blandas, en su segunda fase se encuentra en proceso de afianzamiento dentro del modelo formativo de los futuros profesionales de la FIQT. En este contexto es que la alta direcci\u00f3n de la FIQT despliega [&hellip;]<\/p>\n","protected":false},"author":1,"featured_media":6710,"comment_status":"closed","ping_status":"closed","sticky":false,"template":"","format":"standard","meta":{"site-sidebar-layout":"default","site-content-layout":"","ast-site-content-layout":"default","site-content-style":"default","site-sidebar-style":"default","ast-global-header-display":"","ast-banner-title-visibility":"","ast-main-header-display":"","ast-hfb-above-header-display":"","ast-hfb-below-header-display":"","ast-hfb-mobile-header-display":"","site-post-title":"disabled","ast-breadcrumbs-content":"","ast-featured-img":"","footer-sml-layout":"","theme-transparent-header-meta":"","adv-header-id-meta":"","stick-header-meta":"","header-above-stick-meta":"","header-main-stick-meta":"","header-below-stick-meta":"","astra-migrate-meta-layouts":"set","ast-page-background-enabled":"default","ast-page-background-meta":{"desktop":{"background-color":"","background-image":"","background-repeat":"repeat","background-position":"center center","background-size":"auto","background-attachment":"scroll","background-type":"","background-media":"","overlay-type":"","overlay-color":"","overlay-opacity":"","overlay-gradient":""},"tablet":{"background-color":"","background-image":"","background-repeat":"repeat","background-position":"center center","background-size":"auto","background-attachment":"scroll","background-type":"","background-media":"","overlay-type":"","overlay-color":"","overlay-opacity":"","overlay-gradient":""},"mobile":{"background-color":"","background-image":"","background-repeat":"repeat","background-position":"center center","background-size":"auto","background-attachment":"scroll","background-type":"","background-media":"","overlay-type":"","overlay-color":"","overlay-opacity":"","overlay-gradient":""}},"ast-content-background-meta":{"desktop":{"background-color":"var(--ast-global-color-5)","background-image":"","background-repeat":"repeat","background-position":"center center","background-size":"auto","background-attachment":"scroll","background-type":"","background-media":"","overlay-type":"","overlay-color":"","overlay-opacity":"","overlay-gradient":""},"tablet":{"background-color":"var(--ast-global-color-5)","background-image":"","background-repeat":"repeat","background-position":"center center","background-size":"auto","background-attachment":"scroll","background-type":"","background-media":"","overlay-type":"","overlay-color":"","overlay-opacity":"","overlay-gradient":""},"mobile":{"background-color":"var(--ast-global-color-5)","background-image":"","background-repeat":"repeat","background-position":"center center","background-size":"auto","background-attachment":"scroll","background-type":"","background-media":"","overlay-type":"","overlay-color":"","overlay-opacity":"","overlay-gradient":""}},"footnotes":""},"categories":[81],"tags":[],"class_list":["post-6709","post","type-post","status-publish","format-standard","has-post-thumbnail","hentry","category-acreditacion"],"rttpg_featured_image_url":{"full":["https:\/\/www.fiqt.uni.edu.pe\/wp-content\/uploads\/2024\/06\/psico1.jpg",950,534,false],"landscape":["https:\/\/www.fiqt.uni.edu.pe\/wp-content\/uploads\/2024\/06\/psico1.jpg",950,534,false],"portraits":["https:\/\/www.fiqt.uni.edu.pe\/wp-content\/uploads\/2024\/06\/psico1.jpg",950,534,false],"thumbnail":["https:\/\/www.fiqt.uni.edu.pe\/wp-content\/uploads\/2024\/06\/psico1-150x150.jpg",150,150,true],"medium":["https:\/\/www.fiqt.uni.edu.pe\/wp-content\/uploads\/2024\/06\/psico1-300x169.jpg",300,169,true],"large":["https:\/\/www.fiqt.uni.edu.pe\/wp-content\/uploads\/2024\/06\/psico1.jpg",950,534,false],"1536x1536":["https:\/\/www.fiqt.uni.edu.pe\/wp-content\/uploads\/2024\/06\/psico1.jpg",950,534,false],"2048x2048":["https:\/\/www.fiqt.uni.edu.pe\/wp-content\/uploads\/2024\/06\/psico1.jpg",950,534,false]},"rttpg_author":{"display_name":"wpadminfiqt","author_link":"https:\/\/www.fiqt.uni.edu.pe\/index.php\/author\/wpadminfiqt\/"},"rttpg_comment":0,"rttpg_category":"<a href=\"https:\/\/www.fiqt.uni.edu.pe\/index.php\/category\/acreditacion\/\" rel=\"category tag\">acreditacion<\/a>","rttpg_excerpt":"SEGUNDO TALLER DE HABILIDADES BLANDAS \u2026Hacia el empoderamiento de las nuevas generaciones. Cachimbos 2024-1\u2026 Presentaci\u00f3n El Programa de Fortalecimiento de Habilidades Blandas, en su segunda fase se encuentra en proceso de afianzamiento dentro del modelo formativo de los futuros profesionales de la FIQT. En este contexto es que la alta direcci\u00f3n de la FIQT despliega&hellip;","_links":{"self":[{"href":"https:\/\/www.fiqt.uni.edu.pe\/index.php\/wp-json\/wp\/v2\/posts\/6709","targetHints":{"allow":["GET"]}}],"collection":[{"href":"https:\/\/www.fiqt.uni.edu.pe\/index.php\/wp-json\/wp\/v2\/posts"}],"about":[{"href":"https:\/\/www.fiqt.uni.edu.pe\/index.php\/wp-json\/wp\/v2\/types\/post"}],"author":[{"embeddable":true,"href":"https:\/\/www.fiqt.uni.edu.pe\/index.php\/wp-json\/wp\/v2\/users\/1"}],"replies":[{"embeddable":true,"href":"https:\/\/www.fiqt.uni.edu.pe\/index.php\/wp-json\/wp\/v2\/comments?post=6709"}],"version-history":[{"count":16,"href":"https:\/\/www.fiqt.uni.edu.pe\/index.php\/wp-json\/wp\/v2\/posts\/6709\/revisions"}],"predecessor-version":[{"id":6758,"href":"https:\/\/www.fiqt.uni.edu.pe\/index.php\/wp-json\/wp\/v2\/posts\/6709\/revisions\/6758"}],"wp:featuredmedia":[{"embeddable":true,"href":"https:\/\/www.fiqt.uni.edu.pe\/index.php\/wp-json\/wp\/v2\/media\/6710"}],"wp:attachment":[{"href":"https:\/\/www.fiqt.uni.edu.pe\/index.php\/wp-json\/wp\/v2\/media?parent=6709"}],"wp:term":[{"taxonomy":"category","embeddable":true,"href":"https:\/\/www.fiqt.uni.edu.pe\/index.php\/wp-json\/wp\/v2\/categories?post=6709"},{"taxonomy":"post_tag","embeddable":true,"href":"https:\/\/www.fiqt.uni.edu.pe\/index.php\/wp-json\/wp\/v2\/tags?post=6709"}],"curies":[{"name":"wp","href":"https:\/\/api.w.org\/{rel}","templated":true}]}}